{"id":6560,"date":"2020-10-17T04:12:43","date_gmt":"2020-10-16T20:12:43","guid":{"rendered":"http:\/\/www.centroculturalecinese.com\/?p=6560"},"modified":"2024-06-20T07:49:26","modified_gmt":"2024-06-20T05:49:26","slug":"una-colazione-col-sindaco-carica-di-energia-positiva-quella-conclusasi-con-successo-al-centro-culturale-cinese-di-milano","status":"publish","type":"post","link":"http:\/\/www.centroculturalecinese.com\/?p=6560&lang=it","title":{"rendered":"Una &#8220;Colazione col sindaco&#8221; carica di energia positiva quella conclusasi con successo al Centro Culturale Cinese di Milano"},"content":{"rendered":"\r\n<figure class=\"wp-block-image size-large\"><img loading=\"lazy\" decoding=\"async\" width=\"820\" height=\"554\" class=\"wp-image-6561\" src=\"http:\/\/www.centroculturalecinese.com\/wp-content\/uploads\/2020\/10\/WechatIMG246-820x554-1.jpeg\" alt=\"\" srcset=\"http:\/\/www.centroculturalecinese.com\/wp-content\/uploads\/2020\/10\/WechatIMG246-820x554-1.jpeg 820w, http:\/\/www.centroculturalecinese.com\/wp-content\/uploads\/2020\/10\/WechatIMG246-820x554-1-300x203.jpeg 300w, http:\/\/www.centroculturalecinese.com\/wp-content\/uploads\/2020\/10\/WechatIMG246-820x554-1-768x519.jpeg 768w\" sizes=\"(max-width: 820px) 100vw, 820px\" \/><\/figure>\r\n\r\n\r\n\r\n<p>10 febbraio 2020 Direttore Responsabile<\/p>\r\n\r\n\r\n\r\n<p class=\"has-medium-font-size\">L&#8217;8 febbraio, in concomitanza con il tradizionale festival cinese, la Festa delle Lanterne, si \u00e8 svolto al Centro Culturale Cinese di Milano l\u2019evento &#8220;Colazione col sindaco&#8221;, al quale hanno partecipato non solo la comunit\u00e0, ma anche Giuseppe Sala, Sindaco di Milano, Song Xuefeng, Console Generale del Consolato Generale Cinese in Milano e i capi dei dipartimenti competenti del governo municipale della citt\u00e0. In tale occasione il sindaco Sala ha ringraziato i cinesi per il loro contributo allo sviluppo della citt\u00e0 e ha espresso sostegno alla comunit\u00e0 cinese in questo difficile periodo. Il console generale Song Xuefeng ha affermato che i residenti cinesi e italiani nel quartiere cinese di Milano sono una comunit\u00e0 di destino e che in futuro sar\u00e0 ancor meglio.<\/p>\r\n\r\n\r\n\r\n<figure class=\"wp-block-image size-large\"><img loading=\"lazy\" decoding=\"async\" width=\"1024\" height=\"768\" class=\"wp-image-6562\" src=\"http:\/\/www.centroculturalecinese.com\/wp-content\/uploads\/2020\/10\/WechatIMG250-1024x768.jpeg\" alt=\"\" srcset=\"http:\/\/www.centroculturalecinese.com\/wp-content\/uploads\/2020\/10\/WechatIMG250-1024x768.jpeg 1024w, http:\/\/www.centroculturalecinese.com\/wp-content\/uploads\/2020\/10\/WechatIMG250-300x225.jpeg 300w, http:\/\/www.centroculturalecinese.com\/wp-content\/uploads\/2020\/10\/WechatIMG250-768x576.jpeg 768w, http:\/\/www.centroculturalecinese.com\/wp-content\/uploads\/2020\/10\/WechatIMG250-820x615.jpeg 820w, http:\/\/www.centroculturalecinese.com\/wp-content\/uploads\/2020\/10\/WechatIMG250.jpeg 1440w\" sizes=\"(max-width: 1024px) 100vw, 1024px\" \/><\/figure>\r\n\r\n\r\n\r\n<p class=\"has-medium-font-size\">Li Ang, responsabile del dipartimento Relazioni Internazionali del Centro Culturale Cinese di Milano, ha condotto l&#8217;incontro e la professoressa Nicoletta dell&#8217;Accademia di Belle Arti Naba ha presentato &#8220;Hybrid Town&#8221; la mostra in corso presso il Centro, che incarna pienamente il fascino dell&#8217;integrazione culturale cinese e italiana. La popolazione locale si \u00e8 espressa con entusiasmo, dimostrando amicizia e sostegno ai cinesi e fornendo commenti e suggerimenti sull&#8217;ottimizzazione della comunit\u00e0.<\/p>\r\n\r\n\r\n\r\n<p class=\"has-medium-font-size\">Nel suo discorso, il Console Generale Song Xuefeng ha affermato che i cittadini milanesi hanno aiutato molto i residenti cinesi e che questi ultimi essendo grati hanno contribuito, attraverso i propri sforzi, allo sviluppo di questa zona e di Milano. Ha proseguito dicendo che le due comunit\u00e0 sono legate dal destino, augurandosi che l&#8217;intera comunit\u00e0 e Milano migliorino.<\/p>\r\n\r\n\r\n\r\n<figure class=\"wp-block-image size-large\"><img loading=\"lazy\" decoding=\"async\" width=\"768\" height=\"1024\" class=\"wp-image-6563\" src=\"http:\/\/www.centroculturalecinese.com\/wp-content\/uploads\/2020\/10\/WechatIMG247-768x1024.jpeg\" alt=\"\" srcset=\"http:\/\/www.centroculturalecinese.com\/wp-content\/uploads\/2020\/10\/WechatIMG247-768x1024.jpeg 768w, http:\/\/www.centroculturalecinese.com\/wp-content\/uploads\/2020\/10\/WechatIMG247-225x300.jpeg 225w, http:\/\/www.centroculturalecinese.com\/wp-content\/uploads\/2020\/10\/WechatIMG247-820x1093.jpeg 820w, http:\/\/www.centroculturalecinese.com\/wp-content\/uploads\/2020\/10\/WechatIMG247.jpeg 1080w\" sizes=\"(max-width: 768px) 100vw, 768px\" \/><\/figure>\r\n\r\n\r\n\r\n<p class=\"has-medium-font-size\">In un&#8217;intervista rilasciata a un giornalista di Phoenix TV, il sindaco Sala ha dichiarato: \u201cIn questo momento di epidemia, la gente inevitabilmente si lascia un po\u2019 prendere dal panico, ma nel quartiere cinese di Milano vediamo armonia e tranquillit\u00e0. Spero che le persone scaccino via qualsiasi allarmismo e tornino alla vita normale il prima possibile\u201d.<\/p>\r\n\r\n\r\n\r\n<p class=\"has-medium-font-size\">Successivamente, il sindaco Sala e il Console Generale Song Xuefeng sono scesi in strada per portare un caloroso saluto nei negozi ai commercianti cinesi e hanno assaggiato la tipica colazione cinese offerta dai negozi Xiaotang Tangbao-Tang Gourmet e Guoji Shidou-International Store: Xiaolongbao (un tipo di pasta ripiena cotta al vapore), ravioli cinesi e latte di soia, uova bollite nel t\u00e8 e altre leccornie. Le prelibatezze cinesi hanno incantato i palati di funzionari e cittadini milanesi, i quali hanno espresso il loro giudizio con un pollice in su.<\/p>\r\n\r\n\r\n\r\n<figure class=\"wp-block-image size-large\"><img loading=\"lazy\" decoding=\"async\" width=\"1024\" height=\"817\" class=\"wp-image-6564\" src=\"http:\/\/www.centroculturalecinese.com\/wp-content\/uploads\/2020\/10\/WechatIMG248-1024x817.jpeg\" alt=\"\" srcset=\"http:\/\/www.centroculturalecinese.com\/wp-content\/uploads\/2020\/10\/WechatIMG248-1024x817.jpeg 1024w, http:\/\/www.centroculturalecinese.com\/wp-content\/uploads\/2020\/10\/WechatIMG248-300x239.jpeg 300w, http:\/\/www.centroculturalecinese.com\/wp-content\/uploads\/2020\/10\/WechatIMG248-768x613.jpeg 768w, http:\/\/www.centroculturalecinese.com\/wp-content\/uploads\/2020\/10\/WechatIMG248-820x655.jpeg 820w, http:\/\/www.centroculturalecinese.com\/wp-content\/uploads\/2020\/10\/WechatIMG248.jpeg 1165w\" sizes=\"(max-width: 1024px) 100vw, 1024px\" \/><\/figure>\r\n\r\n\r\n\r\n<p class=\"has-medium-font-size\">Hanno partecipato all&#8217;evento anche Wang Huijuan, viceconsole generale del Consolato Generale Cinese in Milano, Zhou Lixin, Ye Ping, Chi Xiaoyun, Song Shengzhong, Hu Yueyan, Zhu Jinliang, e altri rappresentanti della comunit\u00e0 cinese d&#8217;oltremare.<\/p>\r\n\r\n\r\n\r\n<p class=\"has-medium-font-size\">I funzionari a tutti i livelli della Lombardia, dell\u2019area metropolitana del capoluogo, della citt\u00e0 di Milano e le persone di ogni estrazione sociale passeggiano per il quartiere cinese per esprimere il loro sostegno ai negozianti poich\u00e9 loro capiscono che: sostenere l\u2019economia alimentare cinese e la comunit\u00e0 cinese equivale a sostenere l&#8217;economia della regione Lombardia e l&#8217;economia italiana!<\/p>\r\n\r\n\r\n\r\n<figure class=\"wp-block-image size-large\"><img loading=\"lazy\" decoding=\"async\" width=\"640\" height=\"925\" class=\"wp-image-6565\" src=\"http:\/\/www.centroculturalecinese.com\/wp-content\/uploads\/2020\/10\/WechatIMG580.jpeg\" alt=\"\" srcset=\"http:\/\/www.centroculturalecinese.com\/wp-content\/uploads\/2020\/10\/WechatIMG580.jpeg 640w, http:\/\/www.centroculturalecinese.com\/wp-content\/uploads\/2020\/10\/WechatIMG580-208x300.jpeg 208w\" sizes=\"(max-width: 640px) 100vw, 640px\" \/><\/figure>\r\n\r\n\r\n\r\n<p class=\"has-medium-font-size\">Poco dopo la conclusione dell&#8217;evento, il sindaco Sala ha aggiornato la sua pagina Facebook, scrivendo: \u201cLa \u201cColazione col sindaco\u201d di oggi abbiamo scelto di tenerla al Centro Culturale Cinese, in via Paolo Sarpi. Non solo per ribadire, in questo momento complicato, la nostra solidariet\u00e0 alla comunit\u00e0 cinese (una comunit\u00e0 importantissima per la nostra citt\u00e0 e a cui appartengono circa 30mila persone), ma anche perch\u00e9 la storia di Sarpi racconta bene come un quartiere pu\u00f2 crescere, affrontare le trasformazioni urbane con scelte coraggiose, diventare dinamico e attrattivo. Quando aumenta l\u2019attrattivit\u00e0 si pongono anche sfide nuove: penso che il compito della politica sia di non sottrarsi a queste sfide, ma di governare il cambiamento, nel confronto continuo con i cittadini, le associazioni e le forze vitali della citt\u00e0. Una cittadinanza che a Milano \u00e8 sempre proattiva e desiderosa di partecipare. Questa mattina ne ho avuto l\u2019ennesima conferma: \u00e8 stato un momento di dialogo vivace e costruttivo, con critiche e spunti per migliorare. \u00c8 cos\u00ec che vogliamo continuare a lavorare per Milano: insieme.\u201d<\/p>\r\n\r\n\r\n\r\n<figure class=\"wp-block-image size-large\"><img loading=\"lazy\" decoding=\"async\" width=\"1024\" height=\"768\" class=\"wp-image-6566\" src=\"http:\/\/www.centroculturalecinese.com\/wp-content\/uploads\/2020\/10\/WechatIMG245-1024x768.jpeg\" alt=\"\" srcset=\"http:\/\/www.centroculturalecinese.com\/wp-content\/uploads\/2020\/10\/WechatIMG245-1024x768.jpeg 1024w, http:\/\/www.centroculturalecinese.com\/wp-content\/uploads\/2020\/10\/WechatIMG245-300x225.jpeg 300w, http:\/\/www.centroculturalecinese.com\/wp-content\/uploads\/2020\/10\/WechatIMG245-768x576.jpeg 768w, http:\/\/www.centroculturalecinese.com\/wp-content\/uploads\/2020\/10\/WechatIMG245-820x615.jpeg 820w, http:\/\/www.centroculturalecinese.com\/wp-content\/uploads\/2020\/10\/WechatIMG245.jpeg 1440w\" sizes=\"(max-width: 1024px) 100vw, 1024px\" \/><\/figure>\r\n\r\n\r\n\r\n<figure class=\"wp-block-image size-large\"><img loading=\"lazy\" decoding=\"async\" width=\"1024\" height=\"768\" class=\"wp-image-6567\" src=\"http:\/\/www.centroculturalecinese.com\/wp-content\/uploads\/2020\/10\/WechatIMG251-1024x768.jpeg\" alt=\"\" srcset=\"http:\/\/www.centroculturalecinese.com\/wp-content\/uploads\/2020\/10\/WechatIMG251-1024x768.jpeg 1024w, http:\/\/www.centroculturalecinese.com\/wp-content\/uploads\/2020\/10\/WechatIMG251-300x225.jpeg 300w, http:\/\/www.centroculturalecinese.com\/wp-content\/uploads\/2020\/10\/WechatIMG251-768x576.jpeg 768w, http:\/\/www.centroculturalecinese.com\/wp-content\/uploads\/2020\/10\/WechatIMG251-820x615.jpeg 820w, http:\/\/www.centroculturalecinese.com\/wp-content\/uploads\/2020\/10\/WechatIMG251.jpeg 1440w\" sizes=\"(max-width: 1024px) 100vw, 1024px\" \/><\/figure>\r\n\r\n\r\n\r\n<figure class=\"wp-block-image size-large\"><img loading=\"lazy\" decoding=\"async\" width=\"1024\" height=\"637\" class=\"wp-image-6568\" src=\"http:\/\/www.centroculturalecinese.com\/wp-content\/uploads\/2020\/10\/170750sii3zogx5g7ir8vi-1536x956-1-1024x637.jpg\" alt=\"\" srcset=\"http:\/\/www.centroculturalecinese.com\/wp-content\/uploads\/2020\/10\/170750sii3zogx5g7ir8vi-1536x956-1-1024x637.jpg 1024w, http:\/\/www.centroculturalecinese.com\/wp-content\/uploads\/2020\/10\/170750sii3zogx5g7ir8vi-1536x956-1-300x187.jpg 300w, http:\/\/www.centroculturalecinese.com\/wp-content\/uploads\/2020\/10\/170750sii3zogx5g7ir8vi-1536x956-1-768x478.jpg 768w, http:\/\/www.centroculturalecinese.com\/wp-content\/uploads\/2020\/10\/170750sii3zogx5g7ir8vi-1536x956-1-820x510.jpg 820w, http:\/\/www.centroculturalecinese.com\/wp-content\/uploads\/2020\/10\/170750sii3zogx5g7ir8vi-1536x956-1.jpg 1536w\" sizes=\"(max-width: 1024px) 100vw, 1024px\" \/><\/figure>\r\n\r\n\r\n\r\n<figure class=\"wp-block-image size-large\"><img loading=\"lazy\" decoding=\"async\" width=\"1024\" height=\"638\" class=\"wp-image-6569\" src=\"http:\/\/www.centroculturalecinese.com\/wp-content\/uploads\/2020\/10\/170751z55tco5jeof5a95z-1536x957-1-1024x638.jpg\" alt=\"\" srcset=\"http:\/\/www.centroculturalecinese.com\/wp-content\/uploads\/2020\/10\/170751z55tco5jeof5a95z-1536x957-1-1024x638.jpg 1024w, http:\/\/www.centroculturalecinese.com\/wp-content\/uploads\/2020\/10\/170751z55tco5jeof5a95z-1536x957-1-300x187.jpg 300w, http:\/\/www.centroculturalecinese.com\/wp-content\/uploads\/2020\/10\/170751z55tco5jeof5a95z-1536x957-1-768x479.jpg 768w, http:\/\/www.centroculturalecinese.com\/wp-content\/uploads\/2020\/10\/170751z55tco5jeof5a95z-1536x957-1-820x511.jpg 820w, http:\/\/www.centroculturalecinese.com\/wp-content\/uploads\/2020\/10\/170751z55tco5jeof5a95z-1536x957-1.jpg 1536w\" sizes=\"(max-width: 1024px) 100vw, 1024px\" \/><\/figure>\r\n\r\n\r\n\r\n<figure class=\"wp-block-image size-large\"><img loading=\"lazy\" decoding=\"async\" width=\"1024\" height=\"638\" class=\"wp-image-6570\" src=\"http:\/\/www.centroculturalecinese.com\/wp-content\/uploads\/2020\/10\/170753ptnkugm4ruhizjiz-1536x957-1-1024x638.jpg\" alt=\"\" srcset=\"http:\/\/www.centroculturalecinese.com\/wp-content\/uploads\/2020\/10\/170753ptnkugm4ruhizjiz-1536x957-1-1024x638.jpg 1024w, http:\/\/www.centroculturalecinese.com\/wp-content\/uploads\/2020\/10\/170753ptnkugm4ruhizjiz-1536x957-1-300x187.jpg 300w, http:\/\/www.centroculturalecinese.com\/wp-content\/uploads\/2020\/10\/170753ptnkugm4ruhizjiz-1536x957-1-768x479.jpg 768w, http:\/\/www.centroculturalecinese.com\/wp-content\/uploads\/2020\/10\/170753ptnkugm4ruhizjiz-1536x957-1-820x511.jpg 820w, http:\/\/www.centroculturalecinese.com\/wp-content\/uploads\/2020\/10\/170753ptnkugm4ruhizjiz-1536x957-1.jpg 1536w\" sizes=\"(max-width: 1024px) 100vw, 1024px\" \/><\/figure>\r\n\r\n\r\n\r\n<figure class=\"wp-block-image size-large\"><img loading=\"lazy\" decoding=\"async\" width=\"1024\" height=\"768\" class=\"wp-image-6571\" src=\"http:\/\/www.centroculturalecinese.com\/wp-content\/uploads\/2020\/10\/WechatIMG252-1024x768.jpeg\" alt=\"\" srcset=\"http:\/\/www.centroculturalecinese.com\/wp-content\/uploads\/2020\/10\/WechatIMG252-1024x768.jpeg 1024w, http:\/\/www.centroculturalecinese.com\/wp-content\/uploads\/2020\/10\/WechatIMG252-300x225.jpeg 300w, http:\/\/www.centroculturalecinese.com\/wp-content\/uploads\/2020\/10\/WechatIMG252-768x576.jpeg 768w, http:\/\/www.centroculturalecinese.com\/wp-content\/uploads\/2020\/10\/WechatIMG252-820x615.jpeg 820w, http:\/\/www.centroculturalecinese.com\/wp-content\/uploads\/2020\/10\/WechatIMG252.jpeg 1440w\" sizes=\"(max-width: 1024px) 100vw, 1024px\" \/><\/figure>\r\n\r\n\r\n\r\n<figure class=\"wp-block-image size-large\"><img loading=\"lazy\" decoding=\"async\" width=\"1024\" height=\"768\" class=\"wp-image-6572\" src=\"http:\/\/www.centroculturalecinese.com\/wp-content\/uploads\/2020\/10\/WechatIMG249-1024x768.jpeg\" alt=\"\" srcset=\"http:\/\/www.centroculturalecinese.com\/wp-content\/uploads\/2020\/10\/WechatIMG249-1024x768.jpeg 1024w, http:\/\/www.centroculturalecinese.com\/wp-content\/uploads\/2020\/10\/WechatIMG249-300x225.jpeg 300w, http:\/\/www.centroculturalecinese.com\/wp-content\/uploads\/2020\/10\/WechatIMG249-768x576.jpeg 768w, http:\/\/www.centroculturalecinese.com\/wp-content\/uploads\/2020\/10\/WechatIMG249-820x615.jpeg 820w, http:\/\/www.centroculturalecinese.com\/wp-content\/uploads\/2020\/10\/WechatIMG249.jpeg 1440w\" sizes=\"(max-width: 1024px) 100vw, 1024px\" \/><\/figure>\r\n","protected":false},"excerpt":{"rendered":"<p>10 febbraio 2020 Direttore Responsabile L&#8217;8 febbr [&hellip;]<\/p>\n","protected":false},"author":8,"featured_media":6351,"comment_status":"open","ping_status":"open","sticky":false,"template":"","format":"standard","meta":{"footnotes":""},"categories":[146],"tags":[],"_links":{"self":[{"href":"http:\/\/www.centroculturalecinese.com\/index.php?rest_route=\/wp\/v2\/posts\/6560"}],"collection":[{"href":"http:\/\/www.centroculturalecinese.com\/index.php?rest_route=\/wp\/v2\/posts"}],"about":[{"href":"http:\/\/www.centroculturalecinese.com\/index.php?rest_route=\/wp\/v2\/types\/post"}],"author":[{"embeddable":true,"href":"http:\/\/www.centroculturalecinese.com\/index.php?rest_route=\/wp\/v2\/users\/8"}],"replies":[{"embeddable":true,"href":"http:\/\/www.centroculturalecinese.com\/index.php?rest_route=%2Fwp%2Fv2%2Fcomments&post=6560"}],"version-history":[{"count":4,"href":"http:\/\/www.centroculturalecinese.com\/index.php?rest_route=\/wp\/v2\/posts\/6560\/revisions"}],"predecessor-version":[{"id":8289,"href":"http:\/\/www.centroculturalecinese.com\/index.php?rest_route=\/wp\/v2\/posts\/6560\/revisions\/8289"}],"wp:featuredmedia":[{"embeddable":true,"href":"http:\/\/www.centroculturalecinese.com\/index.php?rest_route=\/wp\/v2\/media\/6351"}],"wp:attachment":[{"href":"http:\/\/www.centroculturalecinese.com\/index.php?rest_route=%2Fwp%2Fv2%2Fmedia&parent=6560"}],"wp:term":[{"taxonomy":"category","embeddable":true,"href":"http:\/\/www.centroculturalecinese.com\/index.php?rest_route=%2Fwp%2Fv2%2Fcategories&post=6560"},{"taxonomy":"post_tag","embeddable":true,"href":"http:\/\/www.centroculturalecinese.com\/index.php?rest_route=%2Fwp%2Fv2%2Ftags&post=6560"}],"curies":[{"name":"wp","href":"https:\/\/api.w.org\/{rel}","templated":true}]}}